{"id":897,"date":"2013-10-19T13:07:54","date_gmt":"2013-10-19T11:07:54","guid":{"rendered":"http:\/\/elmonasteriodelcobro.com\/?p=897"},"modified":"2013-10-19T13:33:32","modified_gmt":"2013-10-19T11:33:32","slug":"rtve-es-el-juez-aprueba-el-despido-definitivo-de-la-plantilla-de-air-comet","status":"publish","type":"post","link":"https:\/\/elmonasteriodelcobro.com\/index.php\/rtve-es-el-juez-aprueba-el-despido-definitivo-de-la-plantilla-de-air-comet\/","title":{"rendered":"RTVE.es .El juez aprueba el despido definitivo de la plantilla de Air Comet"},"content":{"rendered":"<p>&nbsp;<\/p>\n<div>\n<ul>\n<li>Los afectados podr\u00e1n ahora reclamar el paro y los salarios atrasados<\/li>\n<li>Si compran la empresa -algo improbable- tienen derecho a ser readmitidos<\/li>\n<\/ul>\n<\/div>\n<div>\n<div>\n<div data-send=\"false\" data-show-faces=\"false\" data-action=\"recommend\" data-href=\"http:\/\/www.rtve.es\/n\/332620\"><img decoding=\"async\" class=\"alignright\" alt=\"\" src=\"http:\/\/img.irtve.es\/imagenes\/ceoe-junta\/1268831632882.jpg\" width=\"218\" height=\"142\" \/><\/div>\n<\/div>\n<\/div>\n<div>\n<div>\n<div>\n<p>Trabajadores de \u00abEl monasterio del cobro\u00bb exigen el pago de los salarios atrasados de Air Comet.EFE<\/p>\n<\/div>\n<div><\/div>\n<div><\/div>\n<div><\/div>\n<div><\/div>\n<div>Noticias relacionadas<\/p>\n<div>\n<h2><a title=\"Los 24.000 perjudicados de Air Comet tienen un mes a partir de hoy para reclamar las deudas\" href=\"http:\/\/www.rtve.es\/noticias\/20100427\/24000-perjudicados-air-comet-tienen-mes-partir-hoy-para-reclamar-deudas\/329162.shtml\">Los 24.000 perjudicados de Air Comet tienen un mes a partir de hoy para reclamar las deudas<\/a><\/h2>\n<\/div>\n<div>\n<h2><a title=\"El juez declara insolvente a Air Comet, que se queda sin comprador\" href=\"http:\/\/www.rtve.es\/noticias\/20100420\/juez-declara-insolvente-air-comet-se-queda-sin-comprador\/328405.shtml\">El juez declara insolvente a Air Comet, que se queda sin comprador<\/a><\/h2>\n<\/div>\n<div>\n<h2><a title=\"La Fiscal\u00eda abre diligencias para investigar un posible fraude de Air Comet\" href=\"http:\/\/www.rtve.es\/noticias\/20100122\/fiscalia-abre-diligencias-para-investigar-posible-fraude-air-comet\/313737.shtml\">La Fiscal\u00eda abre diligencias para investigar un posible fraude de Air Comet<\/a><\/h2>\n<\/div>\n<\/div>\n<\/div>\n<p><strong>EFE<\/strong>El titular del Juzgado de lo Mercantil n\u00famero 8 de Madrid, Francisco de Borja Villena, ha autorizado el despido definitivo de los casi 700 trabajadores de la aerol\u00ednea Air Comet, que podr\u00e1n empezar a recibir as\u00ed las\u00a0<strong>prestaciones por desempleo y reclamar al FOGASA los salarios\u00a0<\/strong>que se les adeudaban.<\/p>\n<p>En un auto fechado el pasado 17 de mayo, el juez\u00a0<strong>da por extinguidos los contratos<\/strong>, conforme el Expediente de Regulaci\u00f3n de Empleo (ERE) acordado por la aerol\u00ednea, la administraci\u00f3n concursal y los sindicatos el pasado 4 de mayo.<\/p>\n<p>En virtud del acuerdo, los empleados cobrar\u00e1n una<strong>indemnizaci\u00f3n de 20 d\u00edas por a\u00f1o trabajado<\/strong>, con un l\u00edmite de 12 meses, que se tendr\u00e1 que reclamar ante el Fondo de Garant\u00eda Salarial (FOGASA), debido a la falta absoluta de liquidez de la compa\u00f1\u00eda, al igual que los salarios pendientes de los \u00faltimos 150 d\u00edas.<\/p>\n<p>Tras la decisi\u00f3n judicial, los trabajadores, que estaban afectados en su mayor\u00eda por un ERE suspensivo, podr\u00e1n solicitar el cobro de la prestaci\u00f3n por desempleo en las oficinas del Inem, recordaron las fuentes sindicales consultadas por Efe.<\/p>\n<h2>Gesti\u00f3n del proceso de insolvencia<\/h2>\n<p>Una veintena de trabajadores de Air Comet permanecer\u00e1 en sus oficinas para ayudar a los administradores concursales (el economista Luis Arqued Alsina, el abogado Mariano Hern\u00e1ndez Montes y la Agencia Tributaria) a gestionar el proceso por\u00a0<a href=\"http:\/\/www.rtve.es\/noticias\/20100420\/juez-declara-insolvente-air-comet-que-queda-sin-comprador\/328405.shtml\">insolvencia<\/a>, declarado el pasado 20 de abril.<\/p>\n<p>Ese proceso acabar\u00e1 previsiblemente en la<strong>\u00a0liquidaci\u00f3n de la aerol\u00ednea\u00a0<\/strong>del presidente de la CEOE,\u00a0<strong>Gerardo D\u00edaz Ferr\u00e1n<\/strong>, y su socio Gonzalo Pascual, ya que no existe m\u00e1s que una remota posibilidad de que pueda ser vendida.<\/p>\n<p>No obstante, el ERE extintivo aprobado contempla que en el caso de que Air Comet fuera adquirida, los trabajadores tendr\u00edan derecho a ser readmitidos en la empresa en funci\u00f3n de distintos par\u00e1metros, como la antig\u00fcedad.<\/p>\n<p>La mayor\u00eda de los trabajadores de Air Comet (605) estaban afectados por un Expediente de Regulaci\u00f3n de Empleo (ERE) suspensivo (que finalizaba en junio) que acordaron la empresa y los sindicatos el pasado 14 de enero, y que ha acabado con el ERE extintivo.<\/p>\n<p>Fuente RTVE.es<\/p>\n<\/div>\n","protected":false},"excerpt":{"rendered":"<p>&nbsp; Los afectados podr\u00e1n ahora reclamar el paro y los salarios atrasados Si compran la empresa -algo improbable- tienen derecho a ser readmitidos Trabajadores de \u00abEl monasterio del cobro\u00bb exigen el pago de los salarios atrasados de Air Comet.EFE Noticias &hellip; <a href=\"https:\/\/elmonasteriodelcobro.com\/index.php\/rtve-es-el-juez-aprueba-el-despido-definitivo-de-la-plantilla-de-air-comet\/\">Sigue leyendo <span class=\"meta-nav\">&rarr;<\/span><\/a><\/p>\n","protected":false},"author":1,"featured_media":0,"comment_status":"open","ping_status":"closed","sticky":false,"template":"","format":"standard","meta":{"footnotes":""},"categories":[15],"tags":[],"class_list":["post-897","post","type-post","status-publish","format-standard","hentry","category-diaz-ferran"],"_links":{"self":[{"href":"https:\/\/elmonasteriodelcobro.com\/index.php\/wp-json\/wp\/v2\/posts\/897","targetHints":{"allow":["GET"]}}],"collection":[{"href":"https:\/\/elmonasteriodelcobro.com\/index.php\/wp-json\/wp\/v2\/posts"}],"about":[{"href":"https:\/\/elmonasteriodelcobro.com\/index.php\/wp-json\/wp\/v2\/types\/post"}],"author":[{"embeddable":true,"href":"https:\/\/elmonasteriodelcobro.com\/index.php\/wp-json\/wp\/v2\/users\/1"}],"replies":[{"embeddable":true,"href":"https:\/\/elmonasteriodelcobro.com\/index.php\/wp-json\/wp\/v2\/comments?post=897"}],"version-history":[{"count":1,"href":"https:\/\/elmonasteriodelcobro.com\/index.php\/wp-json\/wp\/v2\/posts\/897\/revisions"}],"predecessor-version":[{"id":899,"href":"https:\/\/elmonasteriodelcobro.com\/index.php\/wp-json\/wp\/v2\/posts\/897\/revisions\/899"}],"wp:attachment":[{"href":"https:\/\/elmonasteriodelcobro.com\/index.php\/wp-json\/wp\/v2\/media?parent=897"}],"wp:term":[{"taxonomy":"category","embeddable":true,"href":"https:\/\/elmonasteriodelcobro.com\/index.php\/wp-json\/wp\/v2\/categories?post=897"},{"taxonomy":"post_tag","embeddable":true,"href":"https:\/\/elmonasteriodelcobro.com\/index.php\/wp-json\/wp\/v2\/tags?post=897"}],"curies":[{"name":"wp","href":"https:\/\/api.w.org\/{rel}","templated":true}]}}