{"id":891,"date":"2013-10-19T12:57:55","date_gmt":"2013-10-19T10:57:55","guid":{"rendered":"http:\/\/elmonasteriodelcobro.com\/?p=891"},"modified":"2013-10-19T13:34:20","modified_gmt":"2013-10-19T11:34:20","slug":"la-voz-de-galicia-monjes-del-monasterio-del-cobro-acosan-a-diaz-ferran","status":"publish","type":"post","link":"https:\/\/elmonasteriodelcobro.com\/index.php\/la-voz-de-galicia-monjes-del-monasterio-del-cobro-acosan-a-diaz-ferran\/","title":{"rendered":"La Voz de Galicia. Monjes del \u00abMonasterio del Cobro\u00bb acosan a D\u00edaz Ferr\u00e1n"},"content":{"rendered":"<p>Se han concentrado hoy a las puertas de la CEOE, que esta ma\u00f1ana celebraba una reuni\u00f3n de su junta directiva, para exigir a D\u00edaz Ferr\u00e1n el pago de los salarios atrasados de los empleados de Air Comet.<\/p>\n<dl>\u00a0<\/dl>\n<div style=\"width: 326px\" class=\"wp-caption alignnone\"><img fetchpriority=\"high\" decoding=\"async\" alt=\"\" src=\"http:\/\/media.lavozdegalicia.es\/default\/2010\/03\/17\/00121268833231699280244\/Foto\/E_100317-130311.jpg\" width=\"316\" height=\"195\" \/><p class=\"wp-caption-text\">Kiko huesca. EFE<\/p><\/div>\n<div id=\"cambioTamano\">\n<p>Una veintena de trabajadores de la empresa \u00abEl Monasterio del Cobro\u00bb, contratados por el sindicato de pilotos Sepla, se han concentrado hoy a las puertas de la CEOE, que esta ma\u00f1ana celebraba una reuni\u00f3n de su junta directiva, para exigir a D\u00edaz Ferr\u00e1n el pago de los salarios atrasados de los empleados de Air Comet.<\/p>\n<p>Disfrazados de monjes, los manifestantes portaban una pancarta en la que se le\u00eda: \u00abD\u00edaz Ferr\u00e1n a la c\u00e1rcel ya por descapitalizar Air Comet\u00bb, as\u00ed como carteles con el lema \u00abNo venimos a pedir sino a cobrar\u00bb.<\/p>\n<p>El presidente de la CEOE, Gerardo D\u00edaz Ferr\u00e1n, ha presentado un \u00abbreve informe\u00bb a la junta directiva de la CEOE sobre sus empresas, en el que se ha referido tanto a la financiaci\u00f3n obtenida por una de ellas (Grupo Marsans) como a Seguros Mercurio, sin que haya habido comentarios al respecto.<\/p>\n<p>Seg\u00fan el portavoz oficial de la patronal, D\u00edaz Ferr\u00e1n ha preguntado si alguien quer\u00eda hacer alguna observaci\u00f3n, sin que nadie se haya manifestado, por lo que se ha continuado con el orden del d\u00eda previsto en un clima de \u00abnormalidad y tranquilidad\u00bb.<\/p>\n<p>Ante la posibilidad de que el cargo de D\u00edaz Ferr\u00e1n fuera puesto en entredicho en la reuni\u00f3n de hoy, el portavoz ha dicho que no es necesario que los empresarios vuelvan a expresar su apoyo al presidente de la CEOE porque ya lo hicieron en diciembre.<\/p>\n<p>La reuni\u00f3n incluye entre los temas a tratar la mesa del di\u00e1logo social, la reforma laboral y la cumbre con Marruecos.<\/p>\n<p>EFE<\/p>\n<p>Fuente:<a href=\"http:\/\/www.lavozdegalicia.es\/dinero\/2010\/03\/17\/00031268833257962894500.htm?utm_source=buscavoz&amp;utm_medium=buscavoz\">La Voz de Galicia<\/a><\/p>\n<\/div>\n","protected":false},"excerpt":{"rendered":"<p>Se han concentrado hoy a las puertas de la CEOE, que esta ma\u00f1ana celebraba una reuni\u00f3n de su junta directiva, para exigir a D\u00edaz Ferr\u00e1n el pago de los salarios atrasados de los empleados de Air Comet. \u00a0 Una veintena &hellip; <a href=\"https:\/\/elmonasteriodelcobro.com\/index.php\/la-voz-de-galicia-monjes-del-monasterio-del-cobro-acosan-a-diaz-ferran\/\">Sigue leyendo <span class=\"meta-nav\">&rarr;<\/span><\/a><\/p>\n","protected":false},"author":1,"featured_media":0,"comment_status":"open","ping_status":"closed","sticky":false,"template":"","format":"standard","meta":{"footnotes":""},"categories":[15],"tags":[],"class_list":["post-891","post","type-post","status-publish","format-standard","hentry","category-diaz-ferran"],"_links":{"self":[{"href":"https:\/\/elmonasteriodelcobro.com\/index.php\/wp-json\/wp\/v2\/posts\/891","targetHints":{"allow":["GET"]}}],"collection":[{"href":"https:\/\/elmonasteriodelcobro.com\/index.php\/wp-json\/wp\/v2\/posts"}],"about":[{"href":"https:\/\/elmonasteriodelcobro.com\/index.php\/wp-json\/wp\/v2\/types\/post"}],"author":[{"embeddable":true,"href":"https:\/\/elmonasteriodelcobro.com\/index.php\/wp-json\/wp\/v2\/users\/1"}],"replies":[{"embeddable":true,"href":"https:\/\/elmonasteriodelcobro.com\/index.php\/wp-json\/wp\/v2\/comments?post=891"}],"version-history":[{"count":1,"href":"https:\/\/elmonasteriodelcobro.com\/index.php\/wp-json\/wp\/v2\/posts\/891\/revisions"}],"predecessor-version":[{"id":893,"href":"https:\/\/elmonasteriodelcobro.com\/index.php\/wp-json\/wp\/v2\/posts\/891\/revisions\/893"}],"wp:attachment":[{"href":"https:\/\/elmonasteriodelcobro.com\/index.php\/wp-json\/wp\/v2\/media?parent=891"}],"wp:term":[{"taxonomy":"category","embeddable":true,"href":"https:\/\/elmonasteriodelcobro.com\/index.php\/wp-json\/wp\/v2\/categories?post=891"},{"taxonomy":"post_tag","embeddable":true,"href":"https:\/\/elmonasteriodelcobro.com\/index.php\/wp-json\/wp\/v2\/tags?post=891"}],"curies":[{"name":"wp","href":"https:\/\/api.w.org\/{rel}","templated":true}]}}