{"id":879,"date":"2013-10-19T12:37:16","date_gmt":"2013-10-19T10:37:16","guid":{"rendered":"http:\/\/elmonasteriodelcobro.com\/?p=879"},"modified":"2013-10-19T13:34:47","modified_gmt":"2013-10-19T11:34:47","slug":"intereconomia-diaz-ferran-acosado-por-cobradores-de-morosos","status":"publish","type":"post","link":"https:\/\/elmonasteriodelcobro.com\/index.php\/intereconomia-diaz-ferran-acosado-por-cobradores-de-morosos\/","title":{"rendered":"Intereconom\u00eda. D\u00edaz Ferr\u00e1n, &#8216;acosado&#8217; por cobradores de morosos"},"content":{"rendered":"<div>\n<div id=\"carruselvideosx\">\n<div id=\"container\">\n<div id=\"examples\">\n<div id=\"vid-1\">\n<div>\n<div>\n<div id=\"carruselvideosx\">\n<div id=\"container\">\n<div id=\"examples\">\n<div id=\"vid-1\">\n<div>\n<div>Una veintena de monjes del Monasterio del Cobro, contratados por el Sepla, permanecen concentrados ante la sede de la CEOE, con pancartas en las que puede leerse &#8216;D\u00edaz Ferr\u00e1n, a la c\u00e1rcel, por descapitalizar Air Comet&#8217; o &#8216;No venimos a pedir, venimos a cobrar&#8217;.<\/div>\n<\/div>\n<\/div>\n<\/div>\n<\/div>\n<\/div>\n<\/div>\n<\/div>\n<\/div>\n<\/div>\n<\/div>\n<\/div>\n<\/div>\n<div>D\u00edaz Ferr\u00e1n afronta hoy la primera Junta Directiva de la organizaci\u00f3n empresarial despu\u00e9s de que el\u00a0<strong>Ministerio de Econom\u00eda y Hacienda<\/strong>\u00a0disolviera ayer\u00a0<strong>Seguros Mercurio<\/strong>, la aseguradora del grupo Marsans, del que es copropetario junto a Gonzalo Pascual, y volviera a sembrar las dudas sobre su idoneidad al frente de la patronal.<\/div>\n<p>El jefe de cobros del\u00a0<strong>Monasterio del Cobro, Juan Jos\u00e9 de Diego<\/strong>, en representaci\u00f3n de los monjes contratados por los trabajadores, ha pedido entrevistarse con D\u00edaz Ferr\u00e1n, qui\u00e9n no le ha recibido. Tras permanecer en el vest\u00edbulo de la sede de la patronal por espacio de cinco minutos, y mantener una charla con el jefe de seguridad de la CEOE, el portavoz de los monjes explic\u00f3 a su salida que \u00abestar\u00e1n encima de \u00e9l en todos los actos p\u00fablicos organizados, instando al empresario a que pague los salarios que adeuda a los trabajadores, y en especial al Sepla, que es el que les ha contratado, para pedir que regularice la situaci\u00f3n con los empleados y acreedores\u00bb. \u00abA d\u00eda de hoy, no ha hecho nada, ya veremos como est\u00e1 la situaci\u00f3n de activos y pasivos de la compa\u00f1\u00eda cuando presente el concurso de acreedoes\u00bb, se\u00f1al\u00f3 en declaraciones a los medios para a\u00f1adir que \u00abcomo siempre ha mandado a alguien\u00bb para recibirle. El portavoz de los monjes indic\u00f3 que permanecer\u00e1n concentrados ante la sede de la CEOE hasta la \u00abhora l\u00edmite\u00bb a la que han sido autorizados por la\u00a0<strong>Delegaci\u00f3n del Gobierno en Madrid<\/strong>. \u00abPeque\u00f1os grupos de monjes han conseguido grandes cosas\u00bb, concluy\u00f3. Fuentes del Sepla explicaron a Europa Press que el objetivo es hacer p\u00fablica la grave situaci\u00f3n que atraviesa los empleados, ya que aunque han comenzado a cobrar el paro, el retraso en la presentaci\u00f3n del concurso de acreedores pueden llevar a los 700 trabajadores de Air Comet que se han quedado en la calle a una situaci\u00f3n de \u00abdesamparo\u00bb, pues hasta que \u00e9ste no se presente no podr\u00e1n cobrar las n\u00f3minas adeudadas, hasta nueve meses en algunos casos, del\u00a0<strong>Fondo de Garant\u00eda Salarial (Fogasa).<\/strong><\/p>\n<p>fuente: <a href=\"http:\/\/www.intereconomia.com\/noticias-negocios\/finanzas-personales\/politica-economica\/diaz-ferran-acosado-cobradores-morosos\">Intereconom\u00eda<\/a><\/p>\n<div><strong>\u00a0<\/strong><\/div>\n","protected":false},"excerpt":{"rendered":"<p>Una veintena de monjes del Monasterio del Cobro, contratados por el Sepla, permanecen concentrados ante la sede de la CEOE, con pancartas en las que puede leerse &#8216;D\u00edaz Ferr\u00e1n, a la c\u00e1rcel, por descapitalizar Air Comet&#8217; o &#8216;No venimos a &hellip; <a href=\"https:\/\/elmonasteriodelcobro.com\/index.php\/intereconomia-diaz-ferran-acosado-por-cobradores-de-morosos\/\">Sigue leyendo <span class=\"meta-nav\">&rarr;<\/span><\/a><\/p>\n","protected":false},"author":1,"featured_media":0,"comment_status":"open","ping_status":"closed","sticky":false,"template":"","format":"standard","meta":{"footnotes":""},"categories":[15],"tags":[],"class_list":["post-879","post","type-post","status-publish","format-standard","hentry","category-diaz-ferran"],"_links":{"self":[{"href":"https:\/\/elmonasteriodelcobro.com\/index.php\/wp-json\/wp\/v2\/posts\/879","targetHints":{"allow":["GET"]}}],"collection":[{"href":"https:\/\/elmonasteriodelcobro.com\/index.php\/wp-json\/wp\/v2\/posts"}],"about":[{"href":"https:\/\/elmonasteriodelcobro.com\/index.php\/wp-json\/wp\/v2\/types\/post"}],"author":[{"embeddable":true,"href":"https:\/\/elmonasteriodelcobro.com\/index.php\/wp-json\/wp\/v2\/users\/1"}],"replies":[{"embeddable":true,"href":"https:\/\/elmonasteriodelcobro.com\/index.php\/wp-json\/wp\/v2\/comments?post=879"}],"version-history":[{"count":9,"href":"https:\/\/elmonasteriodelcobro.com\/index.php\/wp-json\/wp\/v2\/posts\/879\/revisions"}],"predecessor-version":[{"id":889,"href":"https:\/\/elmonasteriodelcobro.com\/index.php\/wp-json\/wp\/v2\/posts\/879\/revisions\/889"}],"wp:attachment":[{"href":"https:\/\/elmonasteriodelcobro.com\/index.php\/wp-json\/wp\/v2\/media?parent=879"}],"wp:term":[{"taxonomy":"category","embeddable":true,"href":"https:\/\/elmonasteriodelcobro.com\/index.php\/wp-json\/wp\/v2\/categories?post=879"},{"taxonomy":"post_tag","embeddable":true,"href":"https:\/\/elmonasteriodelcobro.com\/index.php\/wp-json\/wp\/v2\/tags?post=879"}],"curies":[{"name":"wp","href":"https:\/\/api.w.org\/{rel}","templated":true}]}}