{"id":876,"date":"2013-10-19T12:31:07","date_gmt":"2013-10-19T10:31:07","guid":{"rendered":"http:\/\/elmonasteriodelcobro.com\/?p=876"},"modified":"2013-10-19T13:35:15","modified_gmt":"2013-10-19T11:35:15","slug":"el-correo-los-monjes-cobradores-acosan-a-diaz-ferran","status":"publish","type":"post","link":"https:\/\/elmonasteriodelcobro.com\/index.php\/el-correo-los-monjes-cobradores-acosan-a-diaz-ferran\/","title":{"rendered":"El Correo. Los &#8216;monjes cobradores&#8217; acosan a D\u00edaz Ferr\u00e1n"},"content":{"rendered":"<p>Exigen el pago de los salarios atrasados de los empleados de su aerol\u00ednea<\/p>\n<div style=\"width: 621px\" class=\"wp-caption aligncenter\"><img fetchpriority=\"high\" decoding=\"async\" alt=\"\" src=\"http:\/\/resizer.elcorreo.com\/resizer\/resizer.php?imagen=http:\/\/www.elcorreo.com\/RC\/201003\/17\/Media\/monjes--611x348.JPG&amp;nuevoancho=611&amp;nuevoalto=348&amp;copyright=conCopyright&amp;encrypt=false\" width=\"611\" height=\"348\" \/><p class=\"wp-caption-text\">Una veintena de trabajadores de la empresa \u00abEl Monasterio del Cobro\u00bb, contratados por el sindicato de pilotos Sepla, durante la concentraci\u00f3n organizada hoy a las puertas de la CEOE.\/ Foto: Efe y v\u00eddeo: Atlas<\/p><\/div>\n<div id=\"story-texto\">Un grupo de Monjes del Monasterio del Cobro, contratados por el sindicato de pilotos, se han concentrado en las puertas de la CEOE, en Madrid, para protestar contra Gerardo D\u00edaz Ferr\u00e1n y exigirle el pago de los salarios atrasados de los empleados de Air Comet.<\/div>\n<div>Con dos pancarta en la que se le\u00eda: \u00abD\u00edaz Ferr\u00e1n a la c\u00e1rcel ya!!!. Por descapitalizar Air Comet\u00bb y \u00abNo venimos a pedir, venimos a cobrar\u00bb, se han presentado en la sede de la patronal el mismo d\u00eda que \u00e9sta celebraba su Junta Directiva.<\/div>\n<div>El jefe de Cobro de los Monjes del Monasterio del Cobro, Juan Jos\u00e9 de Diego, ha asegurado que \u00abvan a estar encima\u00bb del presidente de la CEOE en todos los actos p\u00fablicos a los que acuda hasta que se regularice la situaci\u00f3n de los trabajadores de la aerol\u00ednea.<\/div>\n<div><\/div>\n<div>fuente:<a href=\"http:\/\/www.elcorreo.com\/vizcaya\/rc\/20100317\/economia\/monjes-cobradores-acosan-diaz-201003171744.html\">El correo.com<\/a><\/div>\n","protected":false},"excerpt":{"rendered":"<p>Exigen el pago de los salarios atrasados de los empleados de su aerol\u00ednea Un grupo de Monjes del Monasterio del Cobro, contratados por el sindicato de pilotos, se han concentrado en las puertas de la CEOE, en Madrid, para protestar &hellip; <a href=\"https:\/\/elmonasteriodelcobro.com\/index.php\/el-correo-los-monjes-cobradores-acosan-a-diaz-ferran\/\">Sigue leyendo <span class=\"meta-nav\">&rarr;<\/span><\/a><\/p>\n","protected":false},"author":1,"featured_media":0,"comment_status":"open","ping_status":"closed","sticky":false,"template":"","format":"standard","meta":{"footnotes":""},"categories":[15],"tags":[],"class_list":["post-876","post","type-post","status-publish","format-standard","hentry","category-diaz-ferran"],"_links":{"self":[{"href":"https:\/\/elmonasteriodelcobro.com\/index.php\/wp-json\/wp\/v2\/posts\/876","targetHints":{"allow":["GET"]}}],"collection":[{"href":"https:\/\/elmonasteriodelcobro.com\/index.php\/wp-json\/wp\/v2\/posts"}],"about":[{"href":"https:\/\/elmonasteriodelcobro.com\/index.php\/wp-json\/wp\/v2\/types\/post"}],"author":[{"embeddable":true,"href":"https:\/\/elmonasteriodelcobro.com\/index.php\/wp-json\/wp\/v2\/users\/1"}],"replies":[{"embeddable":true,"href":"https:\/\/elmonasteriodelcobro.com\/index.php\/wp-json\/wp\/v2\/comments?post=876"}],"version-history":[{"count":1,"href":"https:\/\/elmonasteriodelcobro.com\/index.php\/wp-json\/wp\/v2\/posts\/876\/revisions"}],"predecessor-version":[{"id":878,"href":"https:\/\/elmonasteriodelcobro.com\/index.php\/wp-json\/wp\/v2\/posts\/876\/revisions\/878"}],"wp:attachment":[{"href":"https:\/\/elmonasteriodelcobro.com\/index.php\/wp-json\/wp\/v2\/media?parent=876"}],"wp:term":[{"taxonomy":"category","embeddable":true,"href":"https:\/\/elmonasteriodelcobro.com\/index.php\/wp-json\/wp\/v2\/categories?post=876"},{"taxonomy":"post_tag","embeddable":true,"href":"https:\/\/elmonasteriodelcobro.com\/index.php\/wp-json\/wp\/v2\/tags?post=876"}],"curies":[{"name":"wp","href":"https:\/\/api.w.org\/{rel}","templated":true}]}}